{"id":82,"date":"2023-11-25T12:15:35","date_gmt":"2023-11-25T11:15:35","guid":{"rendered":"https:\/\/lemottager.fr\/?p=82"},"modified":"2023-11-28T12:27:22","modified_gmt":"2023-11-28T11:27:22","slug":"thomassine-journee-des-fruits-et-saveurs-dautrefois","status":"publish","type":"post","link":"https:\/\/lemottager.fr\/index.php\/2023\/11\/25\/thomassine-journee-des-fruits-et-saveurs-dautrefois\/","title":{"rendered":"Thomassine : journ\u00e9e des fruits et saveurs d\u2019autrefois le 3\/12"},"content":{"rendered":"\n<figure class=\"wp-block-image size-full\"><img loading=\"lazy\" decoding=\"async\" width=\"720\" height=\"267\" src=\"https:\/\/lemottager.fr\/wp-content\/uploads\/2023\/11\/jfsa_2022.jpg\" alt=\"\" class=\"wp-image-86\" srcset=\"https:\/\/lemottager.fr\/wp-content\/uploads\/2023\/11\/jfsa_2022.jpg 720w, https:\/\/lemottager.fr\/wp-content\/uploads\/2023\/11\/jfsa_2022-300x111.jpg 300w\" sizes=\"auto, (max-width: 720px) 100vw, 720px\" \/><\/figure>\n\n\n\n<p><\/p>\n\n\n\n<p>Dimanche 3 d\u00e9cembre 2023, le Parc du Luberon organise la <a href=\"https:\/\/www.parcduluberon.fr\/nos-actions\/milieux-naturels-et-biodiversite\/biodiversite-domestique-r3\/journee-fruits-saveurs\/\" data-type=\"link\" data-id=\"https:\/\/www.parcduluberon.fr\/nos-actions\/milieux-naturels-et-biodiversite\/biodiversite-domestique-r3\/journee-fruits-saveurs\/\" target=\"_blank\" rel=\"noreferrer noopener\">Journ\u00e9e des fruits et saveurs d\u2019autrefois<\/a> \u00e0 La Thomassine \u00e0 Manosque (Alpes de Haute-Provence).<br>Cette manifestation, conviviale et riche en d\u00e9couvertes gustatives, rassemble chaque ann\u00e9e des p\u00e9pini\u00e9ristes et des producteurs locaux convaincus et heureux de pr\u00e9senter les vari\u00e9t\u00e9s anciennes de la Provence. Vous pouvez y d\u00e9couvrir les saveurs et les arbres fruitiers r\u00e9gionaux, en acheter, les planter et participer ainsi \u00e0 leur conservation.<\/p>\n\n\n\n<p><a href=\"https:\/\/www.parcduluberon.fr\/non-classifiee\/exposants-fruits-saveurs\/\" data-type=\"link\" data-id=\"https:\/\/www.parcduluberon.fr\/non-classifiee\/exposants-fruits-saveurs\/\" target=\"_blank\" rel=\"noreferrer noopener\">Liste des exposants<\/a><\/p>\n","protected":false},"excerpt":{"rendered":"<p>Dimanche 3 d\u00e9cembre 2023, le Parc du Luberon organise la Journ\u00e9e des fruits et saveurs d\u2019autrefois \u00e0 La Thomassine \u00e0 Manosque (Alpes de Haute-Provence).Cette manifestation, conviviale et riche en d\u00e9couvertes gustatives, rassemble chaque ann\u00e9e&#46;&#46;&#46;<\/p>\n","protected":false},"author":2,"featured_media":0,"comment_status":"closed","ping_status":"closed","sticky":false,"template":"","format":"standard","meta":{"footnotes":""},"categories":[42],"tags":[],"class_list":["post-82","post","type-post","status-publish","format-standard","hentry","category-evenements"],"_links":{"self":[{"href":"https:\/\/lemottager.fr\/index.php\/wp-json\/wp\/v2\/posts\/82","targetHints":{"allow":["GET"]}}],"collection":[{"href":"https:\/\/lemottager.fr\/index.php\/wp-json\/wp\/v2\/posts"}],"about":[{"href":"https:\/\/lemottager.fr\/index.php\/wp-json\/wp\/v2\/types\/post"}],"author":[{"embeddable":true,"href":"https:\/\/lemottager.fr\/index.php\/wp-json\/wp\/v2\/users\/2"}],"replies":[{"embeddable":true,"href":"https:\/\/lemottager.fr\/index.php\/wp-json\/wp\/v2\/comments?post=82"}],"version-history":[{"count":5,"href":"https:\/\/lemottager.fr\/index.php\/wp-json\/wp\/v2\/posts\/82\/revisions"}],"predecessor-version":[{"id":89,"href":"https:\/\/lemottager.fr\/index.php\/wp-json\/wp\/v2\/posts\/82\/revisions\/89"}],"wp:attachment":[{"href":"https:\/\/lemottager.fr\/index.php\/wp-json\/wp\/v2\/media?parent=82"}],"wp:term":[{"taxonomy":"category","embeddable":true,"href":"https:\/\/lemottager.fr\/index.php\/wp-json\/wp\/v2\/categories?post=82"},{"taxonomy":"post_tag","embeddable":true,"href":"https:\/\/lemottager.fr\/index.php\/wp-json\/wp\/v2\/tags?post=82"}],"curies":[{"name":"wp","href":"https:\/\/api.w.org\/{rel}","templated":true}]}}