{"id":77,"date":"2023-09-17T12:03:24","date_gmt":"2023-09-17T10:03:24","guid":{"rendered":"https:\/\/lemottager.fr\/?p=77"},"modified":"2023-11-28T08:38:14","modified_gmt":"2023-11-28T07:38:14","slug":"journee-des-associations-de-17-9","status":"publish","type":"post","link":"https:\/\/lemottager.fr\/index.php\/2023\/09\/17\/journee-des-associations-de-17-9\/","title":{"rendered":"Journ\u00e9e des Associations le 17\/9"},"content":{"rendered":"\n<p>Chers jardiniers,<\/p>\n\n\n\n<p>Ce dimanche 17 septembre 2023 de 9h \u00e0 13h se d\u00e9roule la journ\u00e9e des associations de la Motte d&rsquo;Aigues \u00e0 la salle polyvalente.<\/p>\n\n\n\n<p>Le&nbsp;Mottager&nbsp;y participera et nous avons besoin de votre participation pour tenir le stand tout ou partie de la matin\u00e9e.<\/p>\n\n\n\n<p>Merci de vous positionner sur le cr\u00e9neau de votre choix, l&rsquo;id\u00e9e \u00e9tant d&rsquo;\u00eatre toujours&nbsp;<strong>au moins 2<\/strong>&nbsp;sur le stand.<\/p>\n\n\n\n<p>&#8211; De 9h \u00e0 11h00 : Laetitia et &#8230;&#8230;&#8230;&#8230;&#8230;&#8230;&#8230;..<\/p>\n\n\n\n<p>&#8211; de 11h00 \u00e0 13h00 : &#8230;&#8230;&#8230;&#8230;&#8230;&#8230;. et &#8230;&#8230;&#8230;&#8230;&#8230;&#8230;&#8230;&#8230;<\/p>\n\n\n\n<p>Excellente fin de journ\u00e9e \u00e0 tous, on esp\u00e8re que la rentr\u00e9e s&rsquo;est bien pass\u00e9e!<\/p>\n\n\n\n<p>Jardinement v\u00f4tre,<\/p>\n\n\n\n<p>Le Bureau<\/p>\n","protected":false},"excerpt":{"rendered":"<p>Chers jardiniers, Ce dimanche 17 septembre 2023 de 9h \u00e0 13h se d\u00e9roule la journ\u00e9e des associations de la Motte d&rsquo;Aigues \u00e0 la salle polyvalente. Le&nbsp;Mottager&nbsp;y participera et nous avons besoin de votre participation&#46;&#46;&#46;<\/p>\n","protected":false},"author":2,"featured_media":0,"comment_status":"closed","ping_status":"closed","sticky":false,"template":"","format":"standard","meta":{"footnotes":""},"categories":[42],"tags":[],"class_list":["post-77","post","type-post","status-publish","format-standard","hentry","category-evenements"],"_links":{"self":[{"href":"https:\/\/lemottager.fr\/index.php\/wp-json\/wp\/v2\/posts\/77","targetHints":{"allow":["GET"]}}],"collection":[{"href":"https:\/\/lemottager.fr\/index.php\/wp-json\/wp\/v2\/posts"}],"about":[{"href":"https:\/\/lemottager.fr\/index.php\/wp-json\/wp\/v2\/types\/post"}],"author":[{"embeddable":true,"href":"https:\/\/lemottager.fr\/index.php\/wp-json\/wp\/v2\/users\/2"}],"replies":[{"embeddable":true,"href":"https:\/\/lemottager.fr\/index.php\/wp-json\/wp\/v2\/comments?post=77"}],"version-history":[{"count":2,"href":"https:\/\/lemottager.fr\/index.php\/wp-json\/wp\/v2\/posts\/77\/revisions"}],"predecessor-version":[{"id":80,"href":"https:\/\/lemottager.fr\/index.php\/wp-json\/wp\/v2\/posts\/77\/revisions\/80"}],"wp:attachment":[{"href":"https:\/\/lemottager.fr\/index.php\/wp-json\/wp\/v2\/media?parent=77"}],"wp:term":[{"taxonomy":"category","embeddable":true,"href":"https:\/\/lemottager.fr\/index.php\/wp-json\/wp\/v2\/categories?post=77"},{"taxonomy":"post_tag","embeddable":true,"href":"https:\/\/lemottager.fr\/index.php\/wp-json\/wp\/v2\/tags?post=77"}],"curies":[{"name":"wp","href":"https:\/\/api.w.org\/{rel}","templated":true}]}}