{"id":72,"date":"2023-10-22T12:00:35","date_gmt":"2023-10-22T10:00:35","guid":{"rendered":"https:\/\/lemottager.fr\/?p=72"},"modified":"2023-11-27T22:59:55","modified_gmt":"2023-11-27T21:59:55","slug":"journee-collective-le-22-10","status":"publish","type":"post","link":"https:\/\/lemottager.fr\/index.php\/2023\/10\/22\/journee-collective-le-22-10\/","title":{"rendered":"Journ\u00e9e Collective le\u00a022\/10"},"content":{"rendered":"\n<p>Bonjour les jardiniers,<\/p>\n\n\n\n<p>Nous esp\u00e9rons que vous avez pass\u00e9 un bel \u00e9t\u00e9 et\u00a0une douce rentr\u00e9e.\u00a0<\/p>\n\n\n\n<p>Une journ\u00e9e Collective est pr\u00e9vue le&nbsp;dimanche 22 octobre \u00e0 10H00&nbsp;suivi d&rsquo;un repas partag\u00e9 o\u00f9 chacun&nbsp;apporte de quoi manger, boire, verres, assiettes&#8230;.<\/p>\n\n\n\n<p>La&nbsp;&nbsp;pr\u00e9sence de&nbsp;TOUT LE MONDE&nbsp;est souhaitable.&nbsp; Nous f\u00eaterons probablement l&rsquo;acquisition d&rsquo;une d\u00e9broussailleuse&nbsp;afin de nous aider lors des chantiers, notamment pour la parcelle commune!<\/p>\n\n\n\n<p>Ce sera \u00e9galement l&rsquo;occasion de partager nos id\u00e9es pour le jardin d&rsquo;hiver. N&rsquo;oubliez pas vos semences pour ceux souhaitant effectuer du troc de graines.<\/p>\n\n\n\n<p>Petit rappel:<\/p>\n\n\n\n<p>Si vous ne souhaitez pas renouveler&nbsp;votre adh\u00e9sion en 2024, il convient d&rsquo;en informer le bureau par mail. A noter qu&rsquo;il est imp\u00e9ratif de laisser votre parcelle enti\u00e8rement nettoy\u00e9e avant le terme de l&rsquo;ann\u00e9e et au plus tard le 31\/12\/23.&nbsp;<\/p>\n\n\n\n<p>Au plaisir de partager une belle journ\u00e9e collective dimanche 22<\/p>\n\n\n\n<p>Jardinement v\u00f4tre<\/p>\n\n\n\n<p>Le Bureau<\/p>\n","protected":false},"excerpt":{"rendered":"<p>Bonjour les jardiniers, Nous esp\u00e9rons que vous avez pass\u00e9 un bel \u00e9t\u00e9 et\u00a0une douce rentr\u00e9e.\u00a0 Une journ\u00e9e Collective est pr\u00e9vue le&nbsp;dimanche 22 octobre \u00e0 10H00&nbsp;suivi d&rsquo;un repas partag\u00e9 o\u00f9 chacun&nbsp;apporte de quoi manger, boire,&#46;&#46;&#46;<\/p>\n","protected":false},"author":2,"featured_media":0,"comment_status":"closed","ping_status":"closed","sticky":false,"template":"","format":"standard","meta":{"footnotes":""},"categories":[41],"tags":[],"class_list":["post-72","post","type-post","status-publish","format-standard","hentry","category-travaux"],"_links":{"self":[{"href":"https:\/\/lemottager.fr\/index.php\/wp-json\/wp\/v2\/posts\/72","targetHints":{"allow":["GET"]}}],"collection":[{"href":"https:\/\/lemottager.fr\/index.php\/wp-json\/wp\/v2\/posts"}],"about":[{"href":"https:\/\/lemottager.fr\/index.php\/wp-json\/wp\/v2\/types\/post"}],"author":[{"embeddable":true,"href":"https:\/\/lemottager.fr\/index.php\/wp-json\/wp\/v2\/users\/2"}],"replies":[{"embeddable":true,"href":"https:\/\/lemottager.fr\/index.php\/wp-json\/wp\/v2\/comments?post=72"}],"version-history":[{"count":1,"href":"https:\/\/lemottager.fr\/index.php\/wp-json\/wp\/v2\/posts\/72\/revisions"}],"predecessor-version":[{"id":73,"href":"https:\/\/lemottager.fr\/index.php\/wp-json\/wp\/v2\/posts\/72\/revisions\/73"}],"wp:attachment":[{"href":"https:\/\/lemottager.fr\/index.php\/wp-json\/wp\/v2\/media?parent=72"}],"wp:term":[{"taxonomy":"category","embeddable":true,"href":"https:\/\/lemottager.fr\/index.php\/wp-json\/wp\/v2\/categories?post=72"},{"taxonomy":"post_tag","embeddable":true,"href":"https:\/\/lemottager.fr\/index.php\/wp-json\/wp\/v2\/tags?post=72"}],"curies":[{"name":"wp","href":"https:\/\/api.w.org\/{rel}","templated":true}]}}