{"id":221,"date":"2024-12-02T08:57:08","date_gmt":"2024-12-02T07:57:08","guid":{"rendered":"https:\/\/lemottager.fr\/?p=221"},"modified":"2024-12-02T09:07:17","modified_gmt":"2024-12-02T08:07:17","slug":"la-greffe-des-tomates-et-aubergines","status":"publish","type":"post","link":"https:\/\/lemottager.fr\/index.php\/2024\/12\/02\/la-greffe-des-tomates-et-aubergines\/","title":{"rendered":"La greffe des tomates et aubergines"},"content":{"rendered":"\n<h2 class=\"wp-block-heading\">Et si on essayait au Mottager ?<\/h2>\n\n\n\n<figure class=\"wp-block-image size-full is-resized\"><img loading=\"lazy\" decoding=\"async\" width=\"415\" height=\"468\" src=\"https:\/\/lemottager.fr\/wp-content\/uploads\/2024\/12\/image.png\" alt=\"\" class=\"wp-image-222\" style=\"width:352px;height:auto\" srcset=\"https:\/\/lemottager.fr\/wp-content\/uploads\/2024\/12\/image.png 415w, https:\/\/lemottager.fr\/wp-content\/uploads\/2024\/12\/image-266x300.png 266w\" sizes=\"auto, (max-width: 415px) 100vw, 415px\" \/><\/figure>\n\n\n\n<p><\/p>\n\n\n\n<p class=\"has-medium-font-size\"><em>Quelques petites notions\u2026.<\/em><\/p>\n\n\n\n<p>Un plant greff\u00e9 est l\u2019association d\u2019<strong>un porte-greffe<\/strong>, qui constituera les racines, et d<strong>\u2019un greffon<\/strong> qui portera les fruits.<\/p>\n\n\n\n<p class=\"has-medium-font-size\"><em>Les int\u00e9r\u00eats de la greffe&nbsp;:<\/em><\/p>\n\n\n\n<p>Un plant de tomate ou d\u2019aubergine greff\u00e9 pr\u00e9sentera un d\u00e9veloppement racinaire plus important, une r\u00e9sistance aux maladies plus d\u00e9velopp\u00e9e, une production plus importante (voir la r\u00e9colte de Tibo). Son d\u00e9veloppement plus pr\u00e9coce permet aussi de prolonger la p\u00e9riode de production.<\/p>\n\n\n\n<p class=\"has-medium-font-size\"><em>Le porte greffe (PG)&nbsp;:<\/em><\/p>\n\n\n\n<p>Les vari\u00e9t\u00e9s de porte-greffes sont des hybrides, F1 et donc non reproductible, sauf pour le porte-greffe <em>tomate petit moineau<\/em> qui permet d\u2019obtenir des semences reproductibles. Ces vari\u00e9t\u00e9s s\u00e9lectionn\u00e9es sont particuli\u00e8rement r\u00e9sistantes aux maladies, et tr\u00e8s productives.<\/p>\n\n\n\n<p class=\"has-medium-font-size\"><em>Le greffon&nbsp;:<\/em><\/p>\n\n\n\n<p>La vari\u00e9t\u00e9 de tomate ou aubergine que vous souhaitez obtenir.<\/p>\n\n\n\n<p class=\"has-medium-font-size\"><em>Techniques de greffes&nbsp;:<\/em><\/p>\n\n\n\n<p>Il en existe plusieurs, mais le principe de base est le m\u00eame et consiste \u00e0 associer la partie basse du porte-greffe apr\u00e8s \u00e9t\u00eatage et la partie haute du greffon apr\u00e8s \u00e9t\u00eatage \u00e9galement par insertion de la tige du greffon dans la tige du porte greffe, par rapprochement \u2026etc.<\/p>\n\n\n\n<p class=\"has-medium-font-size\"><em>Les pr\u00e9requis pour se lancer&nbsp;:<\/em><\/p>\n\n\n\n<ul class=\"wp-block-list\">\n<li>Un espace pour semer en f\u00e9vrier ou mars \u00e0 25\u00b0 environ &#8211; serre chauff\u00e9e, radiateurs et fen\u00eatres\u2026.<\/li>\n\n\n\n<li>Un environnement entre 80 et 90% d\u2019humidit\u00e9 apr\u00e8s la greffe et pour environ 2 \u00e0 3 semaines et autour de 25\u00b0 \u2013 caisse translucide, bouteille plastique\u2026<\/li>\n<\/ul>\n\n\n\n<p>Je propose aux jardiniers int\u00e9ress\u00e9s de nous retrouver d\u00e8s l\u2019ann\u00e9e prochaine pour pr\u00e9parer nos futures exp\u00e9riences de greffes.<\/p>\n\n\n\n<p>Emmanuelle<\/p>\n\n\n\n<p><\/p>\n","protected":false},"excerpt":{"rendered":"<p>Et si on essayait au Mottager ? Quelques petites notions\u2026. Un plant greff\u00e9 est l\u2019association d\u2019un porte-greffe, qui constituera les racines, et d\u2019un greffon qui portera les fruits. Les int\u00e9r\u00eats de la greffe&nbsp;: Un&#46;&#46;&#46;<\/p>\n","protected":false},"author":2,"featured_media":0,"comment_status":"closed","ping_status":"closed","sticky":false,"template":"","format":"standard","meta":{"footnotes":""},"categories":[44],"tags":[],"class_list":["post-221","post","type-post","status-publish","format-standard","hentry","category-plantations"],"_links":{"self":[{"href":"https:\/\/lemottager.fr\/index.php\/wp-json\/wp\/v2\/posts\/221","targetHints":{"allow":["GET"]}}],"collection":[{"href":"https:\/\/lemottager.fr\/index.php\/wp-json\/wp\/v2\/posts"}],"about":[{"href":"https:\/\/lemottager.fr\/index.php\/wp-json\/wp\/v2\/types\/post"}],"author":[{"embeddable":true,"href":"https:\/\/lemottager.fr\/index.php\/wp-json\/wp\/v2\/users\/2"}],"replies":[{"embeddable":true,"href":"https:\/\/lemottager.fr\/index.php\/wp-json\/wp\/v2\/comments?post=221"}],"version-history":[{"count":8,"href":"https:\/\/lemottager.fr\/index.php\/wp-json\/wp\/v2\/posts\/221\/revisions"}],"predecessor-version":[{"id":234,"href":"https:\/\/lemottager.fr\/index.php\/wp-json\/wp\/v2\/posts\/221\/revisions\/234"}],"wp:attachment":[{"href":"https:\/\/lemottager.fr\/index.php\/wp-json\/wp\/v2\/media?parent=221"}],"wp:term":[{"taxonomy":"category","embeddable":true,"href":"https:\/\/lemottager.fr\/index.php\/wp-json\/wp\/v2\/categories?post=221"},{"taxonomy":"post_tag","embeddable":true,"href":"https:\/\/lemottager.fr\/index.php\/wp-json\/wp\/v2\/tags?post=221"}],"curies":[{"name":"wp","href":"https:\/\/api.w.org\/{rel}","templated":true}]}}