{"id":21,"date":"2023-11-26T19:30:35","date_gmt":"2023-11-26T18:30:35","guid":{"rendered":"https:\/\/lemottager.fr\/?p=21"},"modified":"2023-11-27T23:04:01","modified_gmt":"2023-11-27T22:04:01","slug":"assemblee-generale-le-4-12","status":"publish","type":"post","link":"https:\/\/lemottager.fr\/index.php\/2023\/11\/26\/assemblee-generale-le-4-12\/","title":{"rendered":"Assembl\u00e9e G\u00e9n\u00e9rale le 4\/12"},"content":{"rendered":"\n<p>Chers adh\u00e9rents et membres de droit,<\/p>\n\n\n\n<p>Nous vous convions \u00e0 l&rsquo;assembl\u00e9e g\u00e9n\u00e9rale de l&rsquo;association Le Mottager&nbsp;qui se d\u00e9roulera le lundi 4 d\u00e9cembre 2023 \u00e0 18h30 \u00e0 la salle de la remise. Votre pr\u00e9sence y est essentielle, pour voter mais \u00e9galement afin d&rsquo;\u00e9changer sur les orientations de l&rsquo;ann\u00e9e \u00e0 venir et pour renouveler les adh\u00e9sions\/cotisations (encaiss\u00e9es courant janvier).<\/p>\n\n\n\n<p>Les points abord\u00e9s seront les suivants :<\/p>\n\n\n\n<p>&#8211; Pr\u00e9sentation du bilan 2023 (il vous sera adress\u00e9 en amont de l&rsquo;assembl\u00e9e),<\/p>\n\n\n\n<p>&#8211; Pr\u00e9sentation du bilan financier,<\/p>\n\n\n\n<p>&#8211; Les projets 2024,<\/p>\n\n\n\n<p>&#8211; La modification du r\u00e8glement int\u00e9rieur avec l&rsquo;int\u00e9gration d&rsquo;une caution de 150.00\u20ac non encaiss\u00e9e et restitu\u00e9e lors du d\u00e9part de l&rsquo;adh\u00e9rent et la restitution de la parcelle nettoy\u00e9e,<\/p>\n\n\n\n<p>&#8211; Le renouvellement des adh\u00e9sions pour l&rsquo;ann\u00e9e 2024 : vous trouverez en pi\u00e8ce jointe le formulaire d&rsquo;inscription 2024 \u00e0 compl\u00e9ter et \u00e0 ramener&nbsp;pour l&rsquo; AG avec le r\u00e8glement (adh\u00e9sion, cotisation et caution).<\/p>\n\n\n\n<p>Si vous souhaitez que d&rsquo;autres points soient ajout\u00e9s \u00e0 l&rsquo;ordre du jour, merci de nous le faire savoir par retour de mail.<\/p>\n\n\n\n<p>Concernant les votes durant la s\u00e9ance, vous avez la possibilit\u00e9 en cas d&rsquo;absence de donner \u00ab\u00a01 pouvoir\u00a0\u00bb \u00e0 la personne de votre choix qui votera donc 2 fois. Vous devez au pr\u00e9alable en informer le bureau par mail en retournant le document fourni en pi\u00e8ce jointe.<\/p>\n\n\n\n<p>L&rsquo;AG sera cl\u00f4tur\u00e9e, pour ceux qui le souhaitent, par un ap\u00e9ritif o\u00f9 chacun am\u00e8ne ce qu&rsquo;il souhaite.<\/p>\n\n\n\n<p>Au plaisir de se retrouver,<\/p>\n\n\n\n<p>Le bureau.<\/p>\n","protected":false},"excerpt":{"rendered":"<p>Chers adh\u00e9rents et membres de droit, Nous vous convions \u00e0 l&rsquo;assembl\u00e9e g\u00e9n\u00e9rale de l&rsquo;association Le Mottager&nbsp;qui se d\u00e9roulera le lundi 4 d\u00e9cembre 2023 \u00e0 18h30 \u00e0 la salle de la remise. Votre pr\u00e9sence y&#46;&#46;&#46;<\/p>\n","protected":false},"author":2,"featured_media":0,"comment_status":"closed","ping_status":"closed","sticky":false,"template":"","format":"standard","meta":{"footnotes":""},"categories":[3],"tags":[],"class_list":["post-21","post","type-post","status-publish","format-standard","hentry","category-reunions"],"_links":{"self":[{"href":"https:\/\/lemottager.fr\/index.php\/wp-json\/wp\/v2\/posts\/21","targetHints":{"allow":["GET"]}}],"collection":[{"href":"https:\/\/lemottager.fr\/index.php\/wp-json\/wp\/v2\/posts"}],"about":[{"href":"https:\/\/lemottager.fr\/index.php\/wp-json\/wp\/v2\/types\/post"}],"author":[{"embeddable":true,"href":"https:\/\/lemottager.fr\/index.php\/wp-json\/wp\/v2\/users\/2"}],"replies":[{"embeddable":true,"href":"https:\/\/lemottager.fr\/index.php\/wp-json\/wp\/v2\/comments?post=21"}],"version-history":[{"count":3,"href":"https:\/\/lemottager.fr\/index.php\/wp-json\/wp\/v2\/posts\/21\/revisions"}],"predecessor-version":[{"id":79,"href":"https:\/\/lemottager.fr\/index.php\/wp-json\/wp\/v2\/posts\/21\/revisions\/79"}],"wp:attachment":[{"href":"https:\/\/lemottager.fr\/index.php\/wp-json\/wp\/v2\/media?parent=21"}],"wp:term":[{"taxonomy":"category","embeddable":true,"href":"https:\/\/lemottager.fr\/index.php\/wp-json\/wp\/v2\/categories?post=21"},{"taxonomy":"post_tag","embeddable":true,"href":"https:\/\/lemottager.fr\/index.php\/wp-json\/wp\/v2\/tags?post=21"}],"curies":[{"name":"wp","href":"https:\/\/api.w.org\/{rel}","templated":true}]}}