{"id":156,"date":"2024-04-03T17:57:00","date_gmt":"2024-04-03T15:57:00","guid":{"rendered":"https:\/\/lemottager.fr\/?p=156"},"modified":"2024-04-18T13:14:32","modified_gmt":"2024-04-18T11:14:32","slug":"le-calendrier-du-mottager","status":"publish","type":"post","link":"https:\/\/lemottager.fr\/index.php\/2024\/04\/03\/le-calendrier-du-mottager\/","title":{"rendered":"Calendrier des semis"},"content":{"rendered":"\n<p>Une ann\u00e9e qui recommence avec une activit\u00e9 dense \u00e0 la cl\u00e9.<\/p>\n\n\n\n<p>Pour vous inspirer dans vos prochaines plantations, voici quelques informations pratiques en cliquant ci-dessous.<\/p>\n\n\n\n<p><\/p>\n\n\n\n<p>* Un <strong>calendrier des semis<\/strong> \u00a9Kokopelli :<\/p>\n\n\n\n<figure class=\"wp-block-image size-full is-resized\"><a href=\"http:\/\/lemottager.fr\/wp-content\/uploads\/2024\/02\/calendrier_semis_koko-2.jpg\" target=\"_blank\" rel=\"noreferrer noopener\"><img loading=\"lazy\" decoding=\"async\" width=\"435\" height=\"357\" src=\"http:\/\/lemottager.fr\/wp-content\/uploads\/2024\/02\/calendrier_semis_thumb.jpg\" alt=\"\" class=\"wp-image-166\" style=\"width:521px;height:auto\" srcset=\"https:\/\/lemottager.fr\/wp-content\/uploads\/2024\/02\/calendrier_semis_thumb.jpg 435w, https:\/\/lemottager.fr\/wp-content\/uploads\/2024\/02\/calendrier_semis_thumb-300x246.jpg 300w\" sizes=\"auto, (max-width: 435px) 100vw, 435px\" \/><\/a><\/figure>\n\n\n\n<p><\/p>\n\n\n\n<p>* Un<strong> calendrier des fruits et l\u00e9gumes<\/strong> de saisons :<\/p>\n\n\n\n<figure class=\"wp-block-image size-full is-resized\"><a href=\"http:\/\/lemottager.fr\/wp-content\/uploads\/2024\/02\/calendrier_annuel.pdf\" target=\"_blank\" rel=\"noreferrer noopener\"><img loading=\"lazy\" decoding=\"async\" width=\"527\" height=\"379\" src=\"http:\/\/lemottager.fr\/wp-content\/uploads\/2024\/02\/calendrier_annuel_thumb.jpg\" alt=\"\" class=\"wp-image-157\" style=\"width:526px;height:auto\" srcset=\"https:\/\/lemottager.fr\/wp-content\/uploads\/2024\/02\/calendrier_annuel_thumb.jpg 527w, https:\/\/lemottager.fr\/wp-content\/uploads\/2024\/02\/calendrier_annuel_thumb-300x216.jpg 300w\" sizes=\"auto, (max-width: 527px) 100vw, 527px\" \/><\/a><\/figure>\n\n\n\n<p><\/p>\n\n\n\n<p>* Vous pouvez aussi emprunter le livre ci-dessous \u00e0 la m\u00e9diath\u00e8que de Pertuis :<\/p>\n\n\n\n<figure class=\"wp-block-image size-full is-resized\"><a href=\"https:\/\/mediathequelescarmes.ampmetropole.fr\/detail-d-une-notice\/notice\/357984875-8404\" target=\"_blank\" rel=\"noreferrer noopener\"><img loading=\"lazy\" decoding=\"async\" width=\"730\" height=\"800\" src=\"http:\/\/lemottager.fr\/wp-content\/uploads\/2024\/02\/potager_mois_par_mois.jpg\" alt=\"\" class=\"wp-image-158\" style=\"width:526px;height:auto\" srcset=\"https:\/\/lemottager.fr\/wp-content\/uploads\/2024\/02\/potager_mois_par_mois.jpg 730w, https:\/\/lemottager.fr\/wp-content\/uploads\/2024\/02\/potager_mois_par_mois-274x300.jpg 274w\" sizes=\"auto, (max-width: 730px) 100vw, 730px\" \/><\/a><\/figure>\n\n\n\n<p><\/p>\n\n\n\n<p>Bon jardinage \ud83d\ude09<\/p>\n","protected":false},"excerpt":{"rendered":"<p>Une ann\u00e9e qui recommence avec une activit\u00e9 dense \u00e0 la cl\u00e9. Pour vous inspirer dans vos prochaines plantations, voici quelques informations pratiques en cliquant ci-dessous. * Un calendrier des semis \u00a9Kokopelli : * Un&#46;&#46;&#46;<\/p>\n","protected":false},"author":2,"featured_media":0,"comment_status":"closed","ping_status":"closed","sticky":false,"template":"","format":"standard","meta":{"footnotes":""},"categories":[44],"tags":[],"class_list":["post-156","post","type-post","status-publish","format-standard","hentry","category-plantations"],"_links":{"self":[{"href":"https:\/\/lemottager.fr\/index.php\/wp-json\/wp\/v2\/posts\/156","targetHints":{"allow":["GET"]}}],"collection":[{"href":"https:\/\/lemottager.fr\/index.php\/wp-json\/wp\/v2\/posts"}],"about":[{"href":"https:\/\/lemottager.fr\/index.php\/wp-json\/wp\/v2\/types\/post"}],"author":[{"embeddable":true,"href":"https:\/\/lemottager.fr\/index.php\/wp-json\/wp\/v2\/users\/2"}],"replies":[{"embeddable":true,"href":"https:\/\/lemottager.fr\/index.php\/wp-json\/wp\/v2\/comments?post=156"}],"version-history":[{"count":22,"href":"https:\/\/lemottager.fr\/index.php\/wp-json\/wp\/v2\/posts\/156\/revisions"}],"predecessor-version":[{"id":207,"href":"https:\/\/lemottager.fr\/index.php\/wp-json\/wp\/v2\/posts\/156\/revisions\/207"}],"wp:attachment":[{"href":"https:\/\/lemottager.fr\/index.php\/wp-json\/wp\/v2\/media?parent=156"}],"wp:term":[{"taxonomy":"category","embeddable":true,"href":"https:\/\/lemottager.fr\/index.php\/wp-json\/wp\/v2\/categories?post=156"},{"taxonomy":"post_tag","embeddable":true,"href":"https:\/\/lemottager.fr\/index.php\/wp-json\/wp\/v2\/tags?post=156"}],"curies":[{"name":"wp","href":"https:\/\/api.w.org\/{rel}","templated":true}]}}